{"id":3578,"date":"2020-05-27T08:56:08","date_gmt":"2020-05-27T06:56:08","guid":{"rendered":"https:\/\/10jourssansecrans.org\/2020\/05\/droits-des-mineurs-et-monde-numerique\/?lang=en"},"modified":"2020-05-27T08:56:08","modified_gmt":"2020-05-27T06:56:08","slug":"droits-des-mineurs-et-monde-numerique","status":"publish","type":"post","link":"https:\/\/10jourssansecrans.org\/en\/2020\/05\/droits-des-mineurs-et-monde-numerique\/","title":{"rendered":"Droits des mineurs et monde num\u00e9rique"},"content":{"rendered":"Plus que quelques jours pour participer \u00e0 la consultation publique de la CNIL au sujet des droits des mineurs dans l'environnement num\u00e9rique.<br \/>Le 21 avril dernier et jusqu'au premier juin prochain, la Commission Nationale de l'Informatique et des libert\u00e9s a lanc\u00e9 une consultation qui s'adresse aux acteurs de l'\u00e9ducation , aux associations lyc\u00e9ennes et \u00e9tudiantes, aux institutions et associations \u0153uvrant dans le domaine de l'enfance et de la famille, aux sp\u00e9cialistes des droits des enfants, aux entreprises du num\u00e9rique, et \u00e0 tout adulte et jeune se sentant concern\u00e9 par ces probl\u00e9matiques.<br \/>","protected":false},"excerpt":{"rendered":"<p>Plus que quelques jours pour participer \u00e0 la consultation publique de la CNIL au sujet des droits des mineurs dans l&#8217;environnement num\u00e9rique.Le 21 avril dernier et jusqu&#8217;au premier juin prochain, [&hellip;]<\/p>\n","protected":false},"author":5,"featured_media":0,"comment_status":"open","ping_status":"open","sticky":false,"template":"","format":"link","meta":{"footnotes":""},"categories":[],"tags":[],"class_list":["post-3578","post","type-post","status-publish","format-link","hentry","post_format-post-format-link"],"_links":{"self":[{"href":"https:\/\/10jourssansecrans.org\/en\/wp-json\/wp\/v2\/posts\/3578","targetHints":{"allow":["GET"]}}],"collection":[{"href":"https:\/\/10jourssansecrans.org\/en\/wp-json\/wp\/v2\/posts"}],"about":[{"href":"https:\/\/10jourssansecrans.org\/en\/wp-json\/wp\/v2\/types\/post"}],"author":[{"embeddable":true,"href":"https:\/\/10jourssansecrans.org\/en\/wp-json\/wp\/v2\/users\/5"}],"replies":[{"embeddable":true,"href":"https:\/\/10jourssansecrans.org\/en\/wp-json\/wp\/v2\/comments?post=3578"}],"version-history":[{"count":0,"href":"https:\/\/10jourssansecrans.org\/en\/wp-json\/wp\/v2\/posts\/3578\/revisions"}],"wp:attachment":[{"href":"https:\/\/10jourssansecrans.org\/en\/wp-json\/wp\/v2\/media?parent=3578"}],"wp:term":[{"taxonomy":"category","embeddable":true,"href":"https:\/\/10jourssansecrans.org\/en\/wp-json\/wp\/v2\/categories?post=3578"},{"taxonomy":"post_tag","embeddable":true,"href":"https:\/\/10jourssansecrans.org\/en\/wp-json\/wp\/v2\/tags?post=3578"}],"curies":[{"name":"wp","href":"https:\/\/api.w.org\/{rel}","templated":true}]}}